{"id":41,"date":"2014-07-07T21:40:00","date_gmt":"2014-07-07T21:40:00","guid":{"rendered":"http:\/\/extremama.siostraania.pl\/?p=41"},"modified":"2015-03-06T12:41:28","modified_gmt":"2015-03-06T12:41:28","slug":"prioryte","status":"publish","type":"post","link":"https:\/\/lidiapiechota.com\/blog\/prioryte\/","title":{"rendered":"PRIORYTET"},"content":{"rendered":"<table align=\"center\" cellpadding=\"0\" cellspacing=\"0\" class=\"tr-caption-container\" style=\"margin-left: auto; margin-right: auto; text-align: center;\">\n<tbody>\n<tr>\n<td style=\"text-align: center;\"><a href=\"http:\/\/extremama.siostraania.pl\/wp-content\/uploads\/2014\/07\/IMG_7182aaa-683x1024.jpg\" imageanchor=\"1\" style=\"margin-left: auto; margin-right: auto;\"><img decoding=\"async\" loading=\"lazy\" border=\"0\" src=\"http:\/\/extremama.siostraania.pl\/wp-content\/uploads\/2014\/07\/IMG_7182aaa-683x1024.jpg\" height=\"640\" width=\"426\" \/><\/a><\/td>\n<\/tr>\n<tr>\n<td class=\"tr-caption\" style=\"text-align: center;\">fot. <a href=\"https:\/\/www.facebook.com\/media\/set\/?set=a.521139957985963.1073741856.357062257727068&amp;type=1\">Kaja<\/a><\/td>\n<\/tr>\n<\/tbody>\n<\/table>\n<p>\nPadam na twarz. Nie jest tak, jak chc\u0119. Wiem, jak chc\u0119. Jaram si\u0119.<\/p>\n<p><a name='more'><\/a><br \/>\nPowy\u017csze zdania mog\u0119 wykrzycze\u0107 jednym tchem, ale i ka\u017cde z osobna. Nie wiem czy uda mi si\u0119 rozwin\u0105\u0107 je w idealnie uporz\u0105dkowany spos\u00f3b. Ju\u017c pojawiaj\u0105 mi si\u0119 w g\u0142owie dygresje i milion w\u0105tk\u00f3w pobocznych. G\u0142owa p\u0119ka od pomys\u0142\u00f3w, zrobiwszy kolejny rachunek sumienia, pisz\u0119. Bo lubi\u0119. Chc\u0119. Potrafi\u0119. Dobrze, \u017ce sprawa nie wygl\u0105da tak samo z moim \u015bpiewaniem&#8230; Te\u017c uwa\u017cam, \u017ce potrafi\u0119 \ud83d\ude09 , ale racz\u0119 nim g\u0142\u00f3wnie zachwyconego Zachariasza (podobno dzieciom zawsze podoba si\u0119 \u015bpiew mamy ;D &#8211; o! dygresja!)<\/p>\n<p>Przede wszystkim jestem zm\u0119czona. Zac z\u0105bkuje (czy to si\u0119 kiedy\u015b sko\u0144czy?!). Nie sypiam, nie mam czasu na\u0142o\u017cy\u0107 od\u017cywki na paznokcie, schowa\u0107 wypranych ubra\u0144 do szafy, porobi\u0107 s\u0142odkie NIC. Nieeee, no nie dlatego, \u017ce Zac z\u0105bkuje. Dlatego, \u017ce opr\u00f3cz tego, \u017ce rosn\u0105 mu jakie\u015b 10-te z\u0119by i biedaczek kompletnie nie wie co si\u0119 z nim dzieje, ja mam na g\u0142owie i w g\u0142owie mn\u00f3stwo nowo\u015bci i ch\u0119ci, by zaprowadzi\u0107 porz\u0105dek. Pewnie, \u017ce zdaj\u0119 sobie spraw\u0119 z tego, \u017ce m\u00f3j porz\u0105dek, extremamowy, zawsze b\u0119dzie mniej porz\u0105dny, ni\u017c skandynawska styl\u00f3wa, ni\u017c austriacki \u0142ad czy fi\u0144ska akuratno\u015b\u0107 (ot, takie por\u00f3wnania, ha!). Tak, czy inaczej, mam na niego ochot\u0119. Na ten extremamowy porz\u0105dek. Pogodzi\u0142am si\u0119 z tym, \u017ce nie b\u0119d\u0119 przez ca\u0142e \u017cycie siedzie\u0107 w jednym miejscu, \u017ce cz\u0119sto robi\u0119 swoje, zanim pomy\u015bl\u0119 &lt;ups!&gt;, \u017ce nawet, gdy jestem zm\u0119czona i mam ochot\u0119 poby\u0107 sama, w\u0142\u0105cza si\u0119 tzw. &#8222;zajawka&#8221; i robi si\u0119 ze mnie &#8222;zwierz\u0119 stadne&#8221;. To zabawne, gdy kto\u015b taki rozbiegany i rozentuzjazmowany jak ja, twierdzi, \u017ce &#8230;eeee, w\u0142a\u015bciwie to lubi poby\u0107 sam i &#8222;czilowa\u0107&#8221;.<\/p>\n<div>\n<div class=\"separator\" style=\"clear: both; text-align: center;\">\n<a href=\"http:\/\/extremama.siostraania.pl\/wp-content\/uploads\/2014\/07\/1-1024x680.jpg\" imageanchor=\"1\" style=\"margin-left: 1em; margin-right: 1em;\"><img decoding=\"async\" loading=\"lazy\" border=\"0\" src=\"http:\/\/extremama.siostraania.pl\/wp-content\/uploads\/2014\/07\/1-1024x680.jpg\" height=\"424\" width=\"640\" \/><\/a><\/div>\n<p><\/p>\n<div class=\"separator\" style=\"clear: both; text-align: center;\">\n<a href=\"http:\/\/extremama.siostraania.pl\/wp-content\/uploads\/2014\/07\/11-1024x680.jpg\" imageanchor=\"1\" style=\"margin-left: 1em; margin-right: 1em;\"><img decoding=\"async\" loading=\"lazy\" border=\"0\" src=\"http:\/\/extremama.siostraania.pl\/wp-content\/uploads\/2014\/07\/11-1024x680.jpg\" height=\"424\" width=\"640\" \/><\/a><\/div>\n<p><\/div>\n<div>\nTymczasem odk\u0105d jestem mam\u0105, jakby mi si\u0119 olej przez zwoje przelewa (tudzie\u017c oliwa) \ud83d\ude09 Spokojnie, wci\u0105\u017c pozostaj\u0119 narwan\u0105 blondynk\u0105. Tyle tylko, \u017ce coraz mniej we mnie rozterek, a wi\u0119cej wyci\u0105gania s\u0142usznych wniosk\u00f3w. Kto wie, ten wie, \u017ce moje \u017cycie to materia\u0142 na totalnie wykr\u0119con\u0105 ksi\u0105\u017ck\u0119, kt\u00f3r\u0105 mo\u017ce kiedy\u015b uda mi si\u0119 napisa\u0107. Teraz staram si\u0119 \u0142apa\u0107 te momenty i nie rozdrabnia\u0107 si\u0119, jak to m\u00f3wi\u0105. Z jednej strony ch\u0142on\u0119 ka\u017cdy detal, ale z drugiej nie decyduj\u0119 si\u0119 na detal wszystkiego (\u0142oooo, ale pojecha\u0142am!). Dobrze mi z tym. Nie musz\u0119 by\u0107 WSZ\u0118DZIE i ze WSZYSTKIMI. Kolejny koncert Bednarka, beach party do rana, najnowszy film w kinie czy program \u015bniadaniowy w lokalnej telewizji. Nie zar\u017cn\u0119 si\u0119, \u017ceby to ogarn\u0105\u0107. Ba! Ostatnio nawet w <a href=\"http:\/\/www.lidiapiechota.com\/2014\/04\/moda-na-bieganie.html\">Biegowym Pucharze Olsztyna<\/a> nie pobiegli\u015bmy. Nie da\u0142o rady. By\u0142abym tam tylko i wy\u0142\u0105cznie dla lansu, po pracowitym dniu, na si\u0142\u0119. Zm\u0119czona psychicznie. Odpuszczam. To bardzo przydatna umiej\u0119tno\u015b\u0107. Tak, to sk\u0142adowa ka\u017cdego kompromisu. Mo\u017ce je\u015bli jeszcze troch\u0119 po\u0107wicz\u0119 odpuszczanie, w ko\u0144cu na dobre dogadam si\u0119 z jakim\u015b samcem? \ud83d\ude09 Wszystko w swoim czasie. To nie jest priorytet. Nie wiem czy mo\u017cna mie\u0107 ich kilka. Ja mam jeden. To nic odkrywczego. Zachariasz prostuje moje podej\u015bcie do codziennego chaosu. Bardzo mi z tym dobrze. Oj, \u017ce niby to p\u00f3j\u015bcie \u0142atwizn\u0119 tak zdawa\u0107 si\u0119 na kaprysy 2-latka? Nazwijcie to jak chcecie. Chc\u0119 spe\u0142nia\u0107 marzenia mojego dziecka i kreowa\u0107 jego uwielbienie dla \u017cycia. Nie wyobra\u017cam sobie innej postawy. To proste, a jednocze\u015bnie wiele zmienia. Przy takim stanowisku sporo spraw, kt\u00f3re kiedy\u015b zaprz\u0105ta\u0142yby mi g\u0142ow\u0119 i niepokoi\u0142y, teraz schodzi na dalszy plan i w\u0142a\u015bciwie traci znaczenie. C\u00f3\u017c za cudowne uczucie, gdy nie &#8222;tarmosz\u0119&#8221; si\u0119 np. w redakcji o to, \u017ce co\u015b powinno wygl\u0105da\u0107 inaczej; \u017ce nie rozkminiam kto, co i kiedy komu\u015b powiedzia\u0142 i do czego to doprowadzi\u0142o. Pewnych rzeczy nie zmieni\u0119, wi\u0119c &#8222;nie bior\u0119 do bani&#8221;. Jestem tu i teraz. Czy takie godzenie si\u0119 na los, tudzie\u017c okoliczno\u015bci to objaw staro\u015bci? Raczej dojrza\u0142o\u015bci. Tego si\u0119 trzymajmy.<\/div>\n<div>\n<\/div>\n<div>\nId\u0119 w dobrym kierunku. Dobrym, bo MNIE si\u0119 on podoba. Gdy, co jaki\u015b czas, zbieram plon mojej konsekwencji, wzruszam si\u0119 niemal do \u0142ez. Przy okazji puszczam mimo uszu komentarze &#8222;jeszcze karmisz?!&#8221;, &#8222;dlaczego Zac nie chodzi do \u017c\u0142obka?&#8221;, &#8222;nie pozw\u00f3l mu tam i\u015b\u0107&#8221;, &#8222;pilnuj go&#8221;&#8230; Wiem jakim chc\u0119 by\u0107 rodzicem, a dzi\u0119ki temu cz\u0142owiekiem. Ca\u0142kowicie uczciwie nie chc\u0119 zbi\u0107 fortuny, chc\u0119 robi\u0107 to, co lubi\u0119 i by\u0107 z Z. Przynajmniej dop\u00f3ki jemu to odpowiada. Jestem SURF GIRL, tudzie\u017c BEACH girl (nie myli\u0107 z BITCH). Tak chc\u0119, z piaskiem w kieszeniach i dzieckiem na r\u0119kach.<\/p>\n<\/div>\n<div>\n<div class=\"separator\" style=\"clear: both; text-align: center;\">\n<a href=\"http:\/\/extremama.siostraania.pl\/wp-content\/uploads\/2014\/07\/blog-post.jpg\" imageanchor=\"1\" style=\"margin-left: 1em; margin-right: 1em;\"><img decoding=\"async\" loading=\"lazy\" border=\"0\" src=\"http:\/\/extremama.siostraania.pl\/wp-content\/uploads\/2014\/07\/blog-post.jpg\" height=\"640\" width=\"640\" \/><\/a><\/div>\n<p><\/div>\n<div>\nJestem oszo\u0142omiona, gdy czytam lub s\u0142ucham, \u017ce <a href=\"http:\/\/www.lidiapiechota.com\/\">czytacie<\/a> lub <a href=\"http:\/\/www.siostraania.pl\/\">s\u0142uchacie<\/a>. Okazuje si\u0119, \u017ce po lekturze naszego bloga wzrasta liczba &#8222;robi\u0105cych swoje&#8221; mam, przysz\u0142ych aktywnych mam&#8230; To najlepszy dow\u00f3d na to, \u017ce <a href=\"http:\/\/www.lidiapiechota.com\/p\/extre.html\">EXTREMAMA<\/a> to blog mi\u0119dzy innymi parentingowy (skoro tre\u015b\u0107 trafia do rodzic\u00f3w). Zwa\u0142, jak zwa\u0142, to m\u00f3j pami\u0119tnik, na kt\u00f3ry ostatnio nie mam czasu, a chc\u0119 mie\u0107. Cho\u0107 nie lubi\u0119 (generalizuj\u0105c) blogosfery, chc\u0119 by\u0107 jej cz\u0119\u015bci\u0105. Chc\u0119 zapisywa\u0107 te poskr\u0119cane my\u015bli, opisywa\u0107 eventy i wyzwania. Chc\u0119 robi\u0107 to &#8222;na gor\u0105co&#8221;, a nawet PRZED, \u017ceby ka\u017cdy mia\u0142 szans\u0119 do\u0142\u0105czy\u0107. Chc\u0119 mie\u0107 na to czas i nie czu\u0107, \u017ce powinnam robi\u0107 &#8222;co\u015b bardziej po\u017cytecznego&#8221;. Chc\u0119 by\u0107 <a href=\"http:\/\/www.lidiapiechota.com\/p\/extre.html\">Extremam\u0105<\/a> i stymulowa\u0107 Wasze wariackie zap\u0119dy, bo okazuje si\u0119, \u017ce ca\u0142kiem nie\u017ale mi to wychodzi. Rzecz nie w tym, \u017ce takie mam &#8222;parcie na zadym\u0119&#8221;, a raczej w tym, \u017ce tak si\u0119 zdarza moje \u017cycie. Na (nie)domiar &#8222;z\u0142ego&#8221;, lubi\u0119 dzieli\u0107 si\u0119 optymizmem i szale\u0144stwem (skoro ju\u017c tak wychodzi, \u017ce si\u0119 obna\u017cam). I tak w\u0142a\u015bnie zamierzam robi\u0107.<\/p>\n<p>Dlaczego? Bo to dzia\u0142a! Daje rado\u015b\u0107 nie tylko nam, ale coraz cz\u0119\u015bciej piszecie do mnie, mailujecie, \u017ce zachcia\u0142o si\u0119 Wam wsta\u0107 i zaj\u0105\u0107 si\u0119 Waszymi pasjami, \u017ce odk\u0105d nas czytacie albo <a href=\"http:\/\/www.siostraania.pl\/\">ogl\u0105dacie<\/a>, jest Wam l\u017cej\/ra\u017aniej\/pogodniej\/spokojniej. MISTRZ! Nie macie poj\u0119cia jak to dzia\u0142a na mnie! To ma sens! \ud83d\ude42 Wiem, \u017ce nikt nie jest lubiany przez wszystkich i w sumie przyzwyczai\u0142am si\u0119 do tego, \u017ce moje pseudo-ADHD irytuje wielu ludzi. Tym bardziej cieszy mnie, \u017ce target jest, dochodzi do g\u0142osu i oddaje mi energi\u0119 ze zdwojon\u0105 si\u0142\u0105. WIELKIE DZI\u0118KI!<\/p>\n<table align=\"center\" cellpadding=\"0\" cellspacing=\"0\" class=\"tr-caption-container\" style=\"margin-left: auto; margin-right: auto; text-align: center;\">\n<tbody>\n<tr>\n<td style=\"text-align: center;\"><a href=\"http:\/\/extremama.siostraania.pl\/wp-content\/uploads\/2014\/07\/gw-fota1-1024x683.jpg\" imageanchor=\"1\" style=\"margin-left: auto; margin-right: auto;\"><img decoding=\"async\" loading=\"lazy\" border=\"0\" src=\"http:\/\/extremama.siostraania.pl\/wp-content\/uploads\/2014\/07\/gw-fota1-1024x683.jpg\" height=\"426\" width=\"640\" \/><\/a><\/td>\n<\/tr>\n<tr>\n<td class=\"tr-caption\" style=\"text-align: center;\">fot. <a href=\"http:\/\/olsztyn.gazeta.pl\/olsztyn\/56,35189,16243676,Subiektywny_poczet_olsztynskich_blogerow__O_czym_pisza_.html\">Martyna Zag\u00f3rska<\/a><\/td>\n<\/tr>\n<\/tbody>\n<\/table>\n<p><\/p>\n<table align=\"center\" cellpadding=\"0\" cellspacing=\"0\" class=\"tr-caption-container\" style=\"margin-left: auto; margin-right: auto; text-align: center;\">\n<tbody>\n<tr>\n<td style=\"text-align: center;\"><a href=\"http:\/\/extremama.siostraania.pl\/wp-content\/uploads\/2014\/07\/gw-fota4-1024x683.jpg\" imageanchor=\"1\" style=\"margin-left: auto; margin-right: auto;\"><img decoding=\"async\" loading=\"lazy\" border=\"0\" src=\"http:\/\/extremama.siostraania.pl\/wp-content\/uploads\/2014\/07\/gw-fota4-1024x683.jpg\" height=\"426\" width=\"640\" \/><\/a><\/td>\n<\/tr>\n<tr>\n<td class=\"tr-caption\" style=\"text-align: center;\">fot. <a href=\"http:\/\/olsztyn.gazeta.pl\/olsztyn\/56,35189,16243676,Subiektywny_poczet_olsztynskich_blogerow__O_czym_pisza_.html\">Martyna Zag\u00f3rska<\/a>&nbsp;<\/td>\n<\/tr>\n<\/tbody>\n<\/table>\n<p>Postanawiam \u015bwiadomie zajmowa\u0107 si\u0119 tym, co lubi\u0119 robi\u0107 (do tej pory, tak jako\u015b si\u0119 uk\u0142ada\u0142o &#8230; &#8211; raz bardziej po mojemu, raz mniej&#8230;). Nie chc\u0119 wzdycha\u0107 zniech\u0119cona, \u017ce przede mn\u0105 kolejny dzie\u0144 pracy. Tak chc\u0119 \u017cy\u0107. Ka\u017cdy chyba chce. W ka\u017cdym razie, ja nad tym popracuj\u0119. Czuj\u0119, \u017ce \u017cyj\u0119, gdy s\u0142ysz\u0119 \u015bmiech Z, warkot silnika <a href=\"https:\/\/www.facebook.com\/HanglooseOlsztyn\/photos\/a.357067341059893.1073741827.357062257727068\/513268105439815\/?type=1&amp;theater\">Malibu<\/a>, <a href=\"https:\/\/www.facebook.com\/extremama\/photos\/a.688478234539000.1073741881.502567136463445\/688478257872331\/?type=1&amp;theater\">WINCHA<\/a>, tudzie\u017c <a href=\"https:\/\/www.facebook.com\/WakeParkGizycko\">wyci\u0105gu<\/a> (wszelakiego), szum fal&#8230; Nie zrozumcie mnie \u017ale &#8211; praca w tv to moja praca marze\u0144 &#8211; nie czuj\u0119, \u017ce pracuj\u0119. Chc\u0119 jednak robi\u0107 produkcje, w kt\u00f3re wierz\u0119 i kt\u00f3re jestem w stanie rzetelnie zaprezentowa\u0107 na ekranie, a nie cokolwiek, \u017ceby odb\u0119bni\u0107 i zarobi\u0107. Wierz\u0119, \u017ce pasja, zaanga\u017cowanie i konsekwencja pop\u0142acaj\u0105. Jeszcze apropos d\u017awi\u0119k\u00f3w. Lubi\u0119 te\u017c s\u0142ysze\u0107 cisz\u0119. Rzadko mi si\u0119 to udaje, bo nawet teraz zak\u0142\u00f3cam j\u0105 klikaniem w klawiatur\u0119 (ale ten d\u017awi\u0119k oznacza blogowanie, a to te\u017c przecie\u017c luuuubi\u0119). Za chwil\u0119 przenios\u0119 si\u0119 na dotykowy ekran &#8222;ajfona&#8221; i b\u0119dzie cicho. Pod warunkiem, \u017ce zaczkowe z\u0105bkowanie i kaszel z tym zwi\u0105zany odpuszcz\u0105. Ech. Ci\u0119\u017cki \u017cywot Extrematki-wariatki. LOVE IT!&nbsp;<\/div>\n","protected":false},"excerpt":{"rendered":"<p>fot. Kaja Padam na twarz. Nie jest tak, jak chc\u0119. Wiem, jak chc\u0119. Jaram si\u0119. Powy\u017csze zdania mog\u0119 wykrzycze\u0107 jednym tchem, ale i ka\u017cde z osobna. Nie wiem czy uda mi si\u0119 rozwin\u0105\u0107 je w idealnie uporz\u0105dkowany spos\u00f3b. Ju\u017c pojawiaj\u0105 mi si\u0119 w g\u0142owie dygresje i milion w\u0105tk\u00f3w pobocznych. G\u0142owa p\u0119ka od pomys\u0142\u00f3w, zrobiwszy kolejny rachunek sumienia, pisz\u0119. Bo lubi\u0119. Chc\u0119. Potrafi\u0119. Dobrze, \u017ce sprawa &#8230;<\/p>\n","protected":false},"author":2,"featured_media":425,"comment_status":"open","ping_status":"open","sticky":false,"template":"","format":"standard","meta":{"sfsi_plus_gutenberg_text_before_share":"","sfsi_plus_gutenberg_show_text_before_share":"","sfsi_plus_gutenberg_icon_type":"","sfsi_plus_gutenberg_icon_alignemt":"","sfsi_plus_gutenburg_max_per_row":""},"categories":[1],"tags":[2,6],"_links":{"self":[{"href":"https:\/\/lidiapiechota.com\/blog\/wp-json\/wp\/v2\/posts\/41"}],"collection":[{"href":"https:\/\/lidiapiechota.com\/blog\/wp-json\/wp\/v2\/posts"}],"about":[{"href":"https:\/\/lidiapiechota.com\/blog\/wp-json\/wp\/v2\/types\/post"}],"author":[{"embeddable":true,"href":"https:\/\/lidiapiechota.com\/blog\/wp-json\/wp\/v2\/users\/2"}],"replies":[{"embeddable":true,"href":"https:\/\/lidiapiechota.com\/blog\/wp-json\/wp\/v2\/comments?post=41"}],"version-history":[{"count":1,"href":"https:\/\/lidiapiechota.com\/blog\/wp-json\/wp\/v2\/posts\/41\/revisions"}],"predecessor-version":[{"id":431,"href":"https:\/\/lidiapiechota.com\/blog\/wp-json\/wp\/v2\/posts\/41\/revisions\/431"}],"wp:featuredmedia":[{"embeddable":true,"href":"https:\/\/lidiapiechota.com\/blog\/wp-json\/wp\/v2\/media\/425"}],"wp:attachment":[{"href":"https:\/\/lidiapiechota.com\/blog\/wp-json\/wp\/v2\/media?parent=41"}],"wp:term":[{"taxonomy":"category","embeddable":true,"href":"https:\/\/lidiapiechota.com\/blog\/wp-json\/wp\/v2\/categories?post=41"},{"taxonomy":"post_tag","embeddable":true,"href":"https:\/\/lidiapiechota.com\/blog\/wp-json\/wp\/v2\/tags?post=41"}],"curies":[{"name":"wp","href":"https:\/\/api.w.org\/{rel}","templated":true}]}}